{"id":5990,"date":"2024-05-16T11:26:05","date_gmt":"2024-05-16T11:26:05","guid":{"rendered":"https:\/\/todoencama.modozenit.es\/?p=5990"},"modified":"2025-03-14T11:52:35","modified_gmt":"2025-03-14T11:52:35","slug":"el-sofa-cama-wanda-comodidad-y-estilo-en-todo-en-cama","status":"publish","type":"post","link":"https:\/\/todoencama.com\/en\/el-sofa-cama-wanda-comodidad-y-estilo-en-todo-en-cama\/","title":{"rendered":"El Sof\u00e1 Cama Wanda: Comodidad y Estilo en Todo en Cama"},"content":{"rendered":"<h3 class=\"wp-block-heading\">El Sof\u00e1 Cama Wanda: Comodidad y Estilo en Todo en Cama<\/h3>\n\n\n\n<p>En Todo en Cama, siempre estamos comprometidos con ofrecer soluciones de descanso que combinan comodidad, funcionalidad y estilo. Uno de nuestros productos destacados, que refleja a la perfecci\u00f3n estos valores, es el sof\u00e1 cama Wanda. En esta entrada del blog, te contamos todo lo que necesitas saber sobre este vers\u00e1til mueble que transformar\u00e1 tu espacio y mejorar\u00e1 tu calidad de vida.<\/p>\n\n\n\n<figure class=\"wp-block-image size-large\"><img decoding=\"async\" src=\"https:\/\/todoencama.com\/wp-content\/uploads\/2024\/05\/Wanda-01-scaled-1-1024x642.jpg\" alt=\"\" class=\"wp-image-5991\"\/><\/figure>\n\n\n\n<h4 class=\"wp-block-heading\">Dise\u00f1o y Estilo<\/h4>\n\n\n\n<p>El sof\u00e1 cama Wanda destaca por su dise\u00f1o moderno y elegante, que se adapta f\u00e1cilmente a cualquier estilo de decoraci\u00f3n. Sus l\u00edneas limpias y acabados de alta calidad lo convierten en una pieza central en tu sal\u00f3n o habitaci\u00f3n de invitados. Disponible en una variedad de colores y tejidos, puedes personalizarlo para que combine perfectamente con tu hogar.<\/p>\n\n\n\n<h4 class=\"wp-block-heading\">Comodidad y Funcionalidad<\/h4>\n\n\n\n<p>Lo que hace \u00fanico al sof\u00e1 cama Wanda no es solo su apariencia, sino tambi\u00e9n su funcionalidad. Durante el d\u00eda, funciona como un c\u00f3modo sof\u00e1, ideal para relajarse, leer o recibir visitas. Pero cuando llega la noche o necesitas una cama extra, se convierte f\u00e1cilmente en una cama espaciosa y confortable. Su sistema de apertura es sencillo y pr\u00e1ctico, permitiendo una transformaci\u00f3n r\u00e1pida sin esfuerzo.<\/p>\n\n\n\n<h4 class=\"wp-block-heading\">Calidad y Durabilidad<\/h4>\n\n\n\n<p>En Todo en Cama, entendemos que un buen sof\u00e1 cama debe ser duradero y resistente. El sof\u00e1 cama Wanda est\u00e1 construido con materiales de alta calidad, garantizando su durabilidad y resistencia al uso diario. Su estructura robusta y su colch\u00f3n de alta densidad aseguran un soporte adecuado tanto en su funci\u00f3n de sof\u00e1 como de cama.<\/p>\n\n\n\n<h4 class=\"wp-block-heading\">Beneficios del Sof\u00e1 Cama Wanda<\/h4>\n\n\n\n<ol class=\"wp-block-list\">\n<li><strong>Ahorro de Espacio<\/strong>: Ideal para apartamentos peque\u00f1os, estudios o cualquier espacio donde el aprovechamiento del espacio sea crucial.<\/li>\n\n\n\n<li><strong>Versatilidad<\/strong>: Perfecto para quienes reciben visitas con frecuencia o necesitan una soluci\u00f3n adicional para dormir sin sacrificar estilo ni comodidad.<\/li>\n\n\n\n<li><strong>Estilo Personalizado<\/strong>: Gracias a las opciones de personalizaci\u00f3n, puedes elegir el color y tejido que mejor se adapte a tu estilo y decoraci\u00f3n.<\/li>\n<\/ol>\n\n\n\n<h4 class=\"wp-block-heading\">Testimonios de Nuestros Clientes<\/h4>\n\n\n\n<p>Nuestros clientes han compartido experiencias muy positivas con el sof\u00e1 cama Wanda. Aqu\u00ed algunos de sus comentarios:<\/p>\n\n\n\n<ul class=\"wp-block-list\">\n<li><strong>Mar\u00eda L.<\/strong>: \u201cEl sof\u00e1 cama Wanda ha sido una gran adici\u00f3n a nuestro sal\u00f3n. Es s\u00faper c\u00f3modo y muy f\u00e1cil de convertir en cama. Mis invitados siempre elogian lo bien que duermen en \u00e9l.\u201d<\/li>\n\n\n\n<li><strong>Carlos M.<\/strong>: \u201cBuscaba un sof\u00e1 cama elegante y funcional para mi estudio y el Wanda fue la elecci\u00f3n perfecta. Se ve incre\u00edble y es muy pr\u00e1ctico.\u201d<\/li>\n<\/ul>\n\n\n\n<h4 class=\"wp-block-heading\">Vis\u00edtanos en Todo en Cama<\/h4>\n\n\n\n<p>Si est\u00e1s buscando un sof\u00e1 cama que combine estilo, comodidad y funcionalidad, el sof\u00e1 cama Wanda es la elecci\u00f3n ideal. Te invitamos a visitar nuestra tienda en Valencia o explorar nuestra tienda online para conocer m\u00e1s sobre este fant\u00e1stico producto. En Todo en Cama, nos aseguramos de que encuentres exactamente lo que necesitas para mejorar tu descanso y tu hogar.<\/p>\n\n\n\n<h4 class=\"wp-block-heading\">\u00bfPor Qu\u00e9 Elegir Todo en Cama?<\/h4>\n\n\n\n<p>En Todo en Cama, nos enorgullece ofrecer productos de alta calidad y un excelente servicio al cliente. Nuestros expertos est\u00e1n siempre disponibles para ayudarte a encontrar las mejores soluciones de descanso que se adapten a tus necesidades y preferencias.<\/p>\n\n\n\n<p>\u00a1No esperes m\u00e1s! Ven y descubre el sof\u00e1 cama Wanda y transforma tu espacio con estilo y comodidad.<\/p>","protected":false},"excerpt":{"rendered":"<p>El Sof\u00e1 Cama Wanda: Comodidad y Estilo en Todo en Cama En Todo en Cama, siempre estamos comprometidos con ofrecer soluciones de descanso que combinan comodidad, funcionalidad y estilo. Uno&#8230;<\/p>","protected":false},"author":5,"featured_media":5994,"comment_status":"closed","ping_status":"open","sticky":false,"template":"","format":"standard","meta":{"footnotes":""},"categories":[159],"tags":[72,73,74,75],"class_list":{"0":"post-5990","1":"post","2":"type-post","3":"status-publish","4":"format-standard","5":"has-post-thumbnail","7":"category-sofas","8":"tag-sofa-cama","9":"tag-sofas-modernas","10":"tag-sofas-valencia","11":"tag-todo-en-cama"},"yoast_head":"<!-- This site is optimized with the Yoast SEO plugin v26.1.1 - https:\/\/yoast.com\/wordpress\/plugins\/seo\/ -->\n<title>Vis\u00edtanos en Todo en Cama<\/title>\n<meta name=\"description\" content=\"Si est\u00e1s buscando un sof\u00e1 cama que combine estilo, comodidad y funcionalidad, el sof\u00e1 cama Wanda es la elecci\u00f3n ideal. Te invitamos a visitar nuestra tienda en Valencia o explorar nuestra tienda online para conocer m\u00e1s sobre este fant\u00e1stico producto. En Todo en Cama, nos aseguramos de que encuentres exactamente lo que necesitas para mejorar tu descanso y tu hogar.\" \/>\n<meta name=\"robots\" content=\"index, follow, max-snippet:-1, max-image-preview:large, max-video-preview:-1\" \/>\n<link rel=\"canonical\" href=\"https:\/\/todoencama.com\/en\/el-sofa-cama-wanda-comodidad-y-estilo-en-todo-en-cama\/\" \/>\n<meta property=\"og:locale\" content=\"en_GB\" \/>\n<meta property=\"og:type\" content=\"article\" \/>\n<meta property=\"og:title\" content=\"Vis\u00edtanos en Todo en Cama\" \/>\n<meta property=\"og:description\" content=\"Si est\u00e1s buscando un sof\u00e1 cama que combine estilo, comodidad y funcionalidad, el sof\u00e1 cama Wanda es la elecci\u00f3n ideal. Te invitamos a visitar nuestra tienda en Valencia o explorar nuestra tienda online para conocer m\u00e1s sobre este fant\u00e1stico producto. En Todo en Cama, nos aseguramos de que encuentres exactamente lo que necesitas para mejorar tu descanso y tu hogar.\" \/>\n<meta property=\"og:url\" content=\"https:\/\/todoencama.com\/en\/el-sofa-cama-wanda-comodidad-y-estilo-en-todo-en-cama\/\" \/>\n<meta property=\"og:site_name\" content=\"Todo en Cama | Venta Online de colchones, somieres y canap\u00e8s\" \/>\n<meta property=\"article:published_time\" content=\"2024-05-16T11:26:05+00:00\" \/>\n<meta property=\"article:modified_time\" content=\"2025-03-14T11:52:35+00:00\" \/>\n<meta property=\"og:image\" content=\"https:\/\/todoencama.com\/wp-content\/uploads\/2024\/05\/Wanda-01-scaled-1.jpg\" \/>\n\t<meta property=\"og:image:width\" content=\"2560\" \/>\n\t<meta property=\"og:image:height\" content=\"1604\" \/>\n\t<meta property=\"og:image:type\" content=\"image\/jpeg\" \/>\n<meta name=\"author\" content=\"Guery Asenova\" \/>\n<meta name=\"twitter:card\" content=\"summary_large_image\" \/>\n<meta name=\"twitter:label1\" content=\"Written by\" \/>\n\t<meta name=\"twitter:data1\" content=\"Guery Asenova\" \/>\n\t<meta name=\"twitter:label2\" content=\"Estimated reading time\" \/>\n\t<meta name=\"twitter:data2\" content=\"3 minutes\" \/>\n<script type=\"application\/ld+json\" class=\"yoast-schema-graph\">{\"@context\":\"https:\/\/schema.org\",\"@graph\":[{\"@type\":\"WebPage\",\"@id\":\"https:\/\/todoencama.com\/el-sofa-cama-wanda-comodidad-y-estilo-en-todo-en-cama\/\",\"url\":\"https:\/\/todoencama.com\/el-sofa-cama-wanda-comodidad-y-estilo-en-todo-en-cama\/\",\"name\":\"Vis\u00edtanos en Todo en Cama\",\"isPartOf\":{\"@id\":\"https:\/\/todoencama.com\/#website\"},\"primaryImageOfPage\":{\"@id\":\"https:\/\/todoencama.com\/el-sofa-cama-wanda-comodidad-y-estilo-en-todo-en-cama\/#primaryimage\"},\"image\":{\"@id\":\"https:\/\/todoencama.com\/el-sofa-cama-wanda-comodidad-y-estilo-en-todo-en-cama\/#primaryimage\"},\"thumbnailUrl\":\"https:\/\/todoencama.com\/wp-content\/uploads\/2024\/05\/Wanda-01-scaled-1.jpg\",\"datePublished\":\"2024-05-16T11:26:05+00:00\",\"dateModified\":\"2025-03-14T11:52:35+00:00\",\"author\":{\"@id\":\"https:\/\/todoencama.com\/#\/schema\/person\/c5ca03d449f6de3b80674b9414b7a121\"},\"description\":\"Si est\u00e1s buscando un sof\u00e1 cama que combine estilo, comodidad y funcionalidad, el sof\u00e1 cama Wanda es la elecci\u00f3n ideal. Te invitamos a visitar nuestra tienda en Valencia o explorar nuestra tienda online para conocer m\u00e1s sobre este fant\u00e1stico producto. En Todo en Cama, nos aseguramos de que encuentres exactamente lo que necesitas para mejorar tu descanso y tu hogar.\",\"breadcrumb\":{\"@id\":\"https:\/\/todoencama.com\/el-sofa-cama-wanda-comodidad-y-estilo-en-todo-en-cama\/#breadcrumb\"},\"inLanguage\":\"en-GB\",\"potentialAction\":[{\"@type\":\"ReadAction\",\"target\":[\"https:\/\/todoencama.com\/el-sofa-cama-wanda-comodidad-y-estilo-en-todo-en-cama\/\"]}]},{\"@type\":\"ImageObject\",\"inLanguage\":\"en-GB\",\"@id\":\"https:\/\/todoencama.com\/el-sofa-cama-wanda-comodidad-y-estilo-en-todo-en-cama\/#primaryimage\",\"url\":\"https:\/\/todoencama.com\/wp-content\/uploads\/2024\/05\/Wanda-01-scaled-1.jpg\",\"contentUrl\":\"https:\/\/todoencama.com\/wp-content\/uploads\/2024\/05\/Wanda-01-scaled-1.jpg\",\"width\":2560,\"height\":1604},{\"@type\":\"BreadcrumbList\",\"@id\":\"https:\/\/todoencama.com\/el-sofa-cama-wanda-comodidad-y-estilo-en-todo-en-cama\/#breadcrumb\",\"itemListElement\":[{\"@type\":\"ListItem\",\"position\":1,\"name\":\"Portada\",\"item\":\"https:\/\/todoencama.com\/\"},{\"@type\":\"ListItem\",\"position\":2,\"name\":\"El Sof\u00e1 Cama Wanda: Comodidad y Estilo en Todo en Cama\"}]},{\"@type\":\"WebSite\",\"@id\":\"https:\/\/todoencama.com\/#website\",\"url\":\"https:\/\/todoencama.com\/\",\"name\":\"Todo en Cama | Venta Online de colchones, somieres y canap\u00e8s\",\"description\":\"Tienda de colchones de l\u00e1tex y viscoel\u00e1sticos, almohadas, somieres, bases tapizadas\",\"potentialAction\":[{\"@type\":\"SearchAction\",\"target\":{\"@type\":\"EntryPoint\",\"urlTemplate\":\"https:\/\/todoencama.com\/?s={search_term_string}\"},\"query-input\":{\"@type\":\"PropertyValueSpecification\",\"valueRequired\":true,\"valueName\":\"search_term_string\"}}],\"inLanguage\":\"en-GB\"},{\"@type\":\"Person\",\"@id\":\"https:\/\/todoencama.com\/#\/schema\/person\/c5ca03d449f6de3b80674b9414b7a121\",\"name\":\"Guery Asenova\",\"image\":{\"@type\":\"ImageObject\",\"inLanguage\":\"en-GB\",\"@id\":\"https:\/\/todoencama.com\/#\/schema\/person\/image\/\",\"url\":\"https:\/\/secure.gravatar.com\/avatar\/c50f9a68aef9fac541fbdd2e7efe2dbd1d68b716d9d1d211ecc492f4dba4b60d?s=96&d=mm&r=g\",\"contentUrl\":\"https:\/\/secure.gravatar.com\/avatar\/c50f9a68aef9fac541fbdd2e7efe2dbd1d68b716d9d1d211ecc492f4dba4b60d?s=96&d=mm&r=g\",\"caption\":\"Guery Asenova\"},\"url\":\"https:\/\/todoencama.com\/en\/author\/guerytodoencama\/\"}]}<\/script>\n<!-- \/ Yoast SEO plugin. -->","yoast_head_json":{"title":"Vis\u00edtanos en Todo en Cama","description":"Si est\u00e1s buscando un sof\u00e1 cama que combine estilo, comodidad y funcionalidad, el sof\u00e1 cama Wanda es la elecci\u00f3n ideal. Te invitamos a visitar nuestra tienda en Valencia o explorar nuestra tienda online para conocer m\u00e1s sobre este fant\u00e1stico producto. En Todo en Cama, nos aseguramos de que encuentres exactamente lo que necesitas para mejorar tu descanso y tu hogar.","robots":{"index":"index","follow":"follow","max-snippet":"max-snippet:-1","max-image-preview":"max-image-preview:large","max-video-preview":"max-video-preview:-1"},"canonical":"https:\/\/todoencama.com\/en\/el-sofa-cama-wanda-comodidad-y-estilo-en-todo-en-cama\/","og_locale":"en_GB","og_type":"article","og_title":"Vis\u00edtanos en Todo en Cama","og_description":"Si est\u00e1s buscando un sof\u00e1 cama que combine estilo, comodidad y funcionalidad, el sof\u00e1 cama Wanda es la elecci\u00f3n ideal. Te invitamos a visitar nuestra tienda en Valencia o explorar nuestra tienda online para conocer m\u00e1s sobre este fant\u00e1stico producto. En Todo en Cama, nos aseguramos de que encuentres exactamente lo que necesitas para mejorar tu descanso y tu hogar.","og_url":"https:\/\/todoencama.com\/en\/el-sofa-cama-wanda-comodidad-y-estilo-en-todo-en-cama\/","og_site_name":"Todo en Cama | Venta Online de colchones, somieres y canap\u00e8s","article_published_time":"2024-05-16T11:26:05+00:00","article_modified_time":"2025-03-14T11:52:35+00:00","og_image":[{"width":2560,"height":1604,"url":"https:\/\/todoencama.com\/wp-content\/uploads\/2024\/05\/Wanda-01-scaled-1.jpg","type":"image\/jpeg"}],"author":"Guery Asenova","twitter_card":"summary_large_image","twitter_misc":{"Written by":"Guery Asenova","Estimated reading time":"3 minutes"},"schema":{"@context":"https:\/\/schema.org","@graph":[{"@type":"WebPage","@id":"https:\/\/todoencama.com\/el-sofa-cama-wanda-comodidad-y-estilo-en-todo-en-cama\/","url":"https:\/\/todoencama.com\/el-sofa-cama-wanda-comodidad-y-estilo-en-todo-en-cama\/","name":"Vis\u00edtanos en Todo en Cama","isPartOf":{"@id":"https:\/\/todoencama.com\/#website"},"primaryImageOfPage":{"@id":"https:\/\/todoencama.com\/el-sofa-cama-wanda-comodidad-y-estilo-en-todo-en-cama\/#primaryimage"},"image":{"@id":"https:\/\/todoencama.com\/el-sofa-cama-wanda-comodidad-y-estilo-en-todo-en-cama\/#primaryimage"},"thumbnailUrl":"https:\/\/todoencama.com\/wp-content\/uploads\/2024\/05\/Wanda-01-scaled-1.jpg","datePublished":"2024-05-16T11:26:05+00:00","dateModified":"2025-03-14T11:52:35+00:00","author":{"@id":"https:\/\/todoencama.com\/#\/schema\/person\/c5ca03d449f6de3b80674b9414b7a121"},"description":"Si est\u00e1s buscando un sof\u00e1 cama que combine estilo, comodidad y funcionalidad, el sof\u00e1 cama Wanda es la elecci\u00f3n ideal. Te invitamos a visitar nuestra tienda en Valencia o explorar nuestra tienda online para conocer m\u00e1s sobre este fant\u00e1stico producto. En Todo en Cama, nos aseguramos de que encuentres exactamente lo que necesitas para mejorar tu descanso y tu hogar.","breadcrumb":{"@id":"https:\/\/todoencama.com\/el-sofa-cama-wanda-comodidad-y-estilo-en-todo-en-cama\/#breadcrumb"},"inLanguage":"en-GB","potentialAction":[{"@type":"ReadAction","target":["https:\/\/todoencama.com\/el-sofa-cama-wanda-comodidad-y-estilo-en-todo-en-cama\/"]}]},{"@type":"ImageObject","inLanguage":"en-GB","@id":"https:\/\/todoencama.com\/el-sofa-cama-wanda-comodidad-y-estilo-en-todo-en-cama\/#primaryimage","url":"https:\/\/todoencama.com\/wp-content\/uploads\/2024\/05\/Wanda-01-scaled-1.jpg","contentUrl":"https:\/\/todoencama.com\/wp-content\/uploads\/2024\/05\/Wanda-01-scaled-1.jpg","width":2560,"height":1604},{"@type":"BreadcrumbList","@id":"https:\/\/todoencama.com\/el-sofa-cama-wanda-comodidad-y-estilo-en-todo-en-cama\/#breadcrumb","itemListElement":[{"@type":"ListItem","position":1,"name":"Portada","item":"https:\/\/todoencama.com\/"},{"@type":"ListItem","position":2,"name":"El Sof\u00e1 Cama Wanda: Comodidad y Estilo en Todo en Cama"}]},{"@type":"WebSite","@id":"https:\/\/todoencama.com\/#website","url":"https:\/\/todoencama.com\/","name":"Todo en Cama | Venta Online de colchones, somieres y canap\u00e8s","description":"Tienda de colchones de l\u00e1tex y viscoel\u00e1sticos, almohadas, somieres, bases tapizadas","potentialAction":[{"@type":"SearchAction","target":{"@type":"EntryPoint","urlTemplate":"https:\/\/todoencama.com\/?s={search_term_string}"},"query-input":{"@type":"PropertyValueSpecification","valueRequired":true,"valueName":"search_term_string"}}],"inLanguage":"en-GB"},{"@type":"Person","@id":"https:\/\/todoencama.com\/#\/schema\/person\/c5ca03d449f6de3b80674b9414b7a121","name":"Guery Asenova","image":{"@type":"ImageObject","inLanguage":"en-GB","@id":"https:\/\/todoencama.com\/#\/schema\/person\/image\/","url":"https:\/\/secure.gravatar.com\/avatar\/c50f9a68aef9fac541fbdd2e7efe2dbd1d68b716d9d1d211ecc492f4dba4b60d?s=96&d=mm&r=g","contentUrl":"https:\/\/secure.gravatar.com\/avatar\/c50f9a68aef9fac541fbdd2e7efe2dbd1d68b716d9d1d211ecc492f4dba4b60d?s=96&d=mm&r=g","caption":"Guery Asenova"},"url":"https:\/\/todoencama.com\/en\/author\/guerytodoencama\/"}]}},"_links":{"self":[{"href":"https:\/\/todoencama.com\/en\/wp-json\/wp\/v2\/posts\/5990","targetHints":{"allow":["GET"]}}],"collection":[{"href":"https:\/\/todoencama.com\/en\/wp-json\/wp\/v2\/posts"}],"about":[{"href":"https:\/\/todoencama.com\/en\/wp-json\/wp\/v2\/types\/post"}],"author":[{"embeddable":true,"href":"https:\/\/todoencama.com\/en\/wp-json\/wp\/v2\/users\/5"}],"replies":[{"embeddable":true,"href":"https:\/\/todoencama.com\/en\/wp-json\/wp\/v2\/comments?post=5990"}],"version-history":[{"count":1,"href":"https:\/\/todoencama.com\/en\/wp-json\/wp\/v2\/posts\/5990\/revisions"}],"predecessor-version":[{"id":6315,"href":"https:\/\/todoencama.com\/en\/wp-json\/wp\/v2\/posts\/5990\/revisions\/6315"}],"wp:featuredmedia":[{"embeddable":true,"href":"https:\/\/todoencama.com\/en\/wp-json\/wp\/v2\/media\/5994"}],"wp:attachment":[{"href":"https:\/\/todoencama.com\/en\/wp-json\/wp\/v2\/media?parent=5990"}],"wp:term":[{"taxonomy":"category","embeddable":true,"href":"https:\/\/todoencama.com\/en\/wp-json\/wp\/v2\/categories?post=5990"},{"taxonomy":"post_tag","embeddable":true,"href":"https:\/\/todoencama.com\/en\/wp-json\/wp\/v2\/tags?post=5990"}],"curies":[{"name":"wp","href":"https:\/\/api.w.org\/{rel}","templated":true}]}}